{"id":21023,"date":"2026-08-31T15:14:47","date_gmt":"2026-08-31T13:14:47","guid":{"rendered":"https:\/\/joebike.fr\/?p=21023"},"modified":"2026-08-31T15:19:23","modified_gmt":"2026-08-31T13:19:23","slug":"decouvrir-labenne-a-velo-avec-joe-bike","status":"publish","type":"post","link":"https:\/\/joebike.fr\/en\/decouvrir-labenne-a-velo-avec-joe-bike\/","title":{"rendered":"D\u00e9couvrir Labenne \u00e0 v\u00e9lo avec Joe Bike"},"content":{"rendered":"<div data-elementor-type=\"wp-post\" data-elementor-id=\"21023\" class=\"elementor elementor-21023\" data-elementor-post-type=\"post\">\n\t\t\t\t<div class=\"elementor-element elementor-element-64039c6 e-flex e-con-boxed e-con e-parent\" data-id=\"64039c6\" data-element_type=\"container\" data-e-type=\"container\">\n\t\t\t\t\t<div class=\"e-con-inner\">\n\t\t\t\t<div class=\"elementor-element elementor-element-132e140 elementor-widget elementor-widget-text-editor\" data-id=\"132e140\" data-element_type=\"widget\" data-e-type=\"widget\" data-widget_type=\"text-editor.default\">\n\t\t\t\t<div class=\"elementor-widget-container\">\n\t\t\t\t\t\t\t\t\t<p><strong>Pour louer un v\u00e9lo \u00e0 Labenne, Joe Bike propose des v\u00e9los classiques, VTC et \u00e9lectriques, avec livraison possible sur Labenne-Oc\u00e9an et les communes voisines. Situ\u00e9e entre Capbreton et Ondres, Labenne b\u00e9n\u00e9ficie d&rsquo;un acc\u00e8s direct aux pistes cyclables de la c\u00f4te landaise, id\u00e9al pour rejoindre la plage ou les stations voisines sans voiture.<\/strong><\/p><p><strong>Moins connue que ses voisines Hossegor ou Capbreton, Labenne-Oc\u00e9an s\u00e9duit une client\u00e8le qui cherche justement \u00e0 sortir des zones les plus fr\u00e9quent\u00e9es de la c\u00f4te landaise sans renoncer au confort d&rsquo;un acc\u00e8s facile \u00e0 la plage et aux pistes cyclables. C&rsquo;est une destination qui se pr\u00eate particuli\u00e8rement bien \u00e0 des vacances au rythme du v\u00e9lo, entre for\u00eat, bourg et front de mer.<\/strong><\/p>\t\t\t\t\t\t\t\t<\/div>\n\t\t\t\t<\/div>\n\t\t\t\t\t<\/div>\n\t\t\t\t<\/div>\n\t\t<div class=\"elementor-element elementor-element-8ef438e e-flex e-con-boxed e-con e-parent\" data-id=\"8ef438e\" data-element_type=\"container\" data-e-type=\"container\">\n\t\t\t\t\t<div class=\"e-con-inner\">\n\t\t\t\t<div class=\"elementor-element elementor-element-d5f8db6 elementor-widget-divider--view-line elementor-widget elementor-widget-divider\" data-id=\"d5f8db6\" data-element_type=\"widget\" data-e-type=\"widget\" data-widget_type=\"divider.default\">\n\t\t\t\t<div class=\"elementor-widget-container\">\n\t\t\t\t\t\t\t<div class=\"elementor-divider\">\n\t\t\t<span class=\"elementor-divider-separator\">\n\t\t\t\t\t\t<\/span>\n\t\t<\/div>\n\t\t\t\t\t\t<\/div>\n\t\t\t\t<\/div>\n\t\t\t\t\t<\/div>\n\t\t\t\t<\/div>\n\t\t<div class=\"elementor-element elementor-element-85f86c1 e-flex e-con-boxed e-con e-parent\" data-id=\"85f86c1\" data-element_type=\"container\" data-e-type=\"container\">\n\t\t\t\t\t<div class=\"e-con-inner\">\n\t\t\t\t<div class=\"elementor-element elementor-element-db996d5 elementor-widget elementor-widget-heading\" data-id=\"db996d5\" data-element_type=\"widget\" data-e-type=\"widget\" data-widget_type=\"heading.default\">\n\t\t\t\t<div class=\"elementor-widget-container\">\n\t\t\t\t\t<h2 class=\"elementor-heading-title elementor-size-default\">Pourquoi d\u00e9couvrir Labenne \u00e0 v\u00e9lo ?\u200b<\/h2>\t\t\t\t<\/div>\n\t\t\t\t<\/div>\n\t\t\t\t<div class=\"elementor-element elementor-element-4686ae6 elementor-widget elementor-widget-text-editor\" data-id=\"4686ae6\" data-element_type=\"widget\" data-e-type=\"widget\" data-widget_type=\"text-editor.default\">\n\t\t\t\t<div class=\"elementor-widget-container\">\n\t\t\t\t\t\t\t\t\t<p>Labenne-Oc\u00e9an profite d&rsquo;un cadre plus calme que ses voisines plus touristiques, avec une plage moins fr\u00e9quent\u00e9e et des pistes cyclables qui traversent la for\u00eat landaise jusqu&rsquo;\u00e0 Capbreton ou Ondres. C&rsquo;est une destination qui correspond bien \u00e0 une client\u00e8le en recherche de tranquillit\u00e9, en particulier hors juillet-ao\u00fbt.<\/p><p>L&rsquo;\u00e9quipe Joe Bike recommande g\u00e9n\u00e9ralement de profiter du calme relatif de Labenne pour des sorties en fin de matin\u00e9e ou en fin d&rsquo;apr\u00e8s-midi, lorsque la lumi\u00e8re sur la plage est la plus agr\u00e9able et que les pistes cyclables sont les moins fr\u00e9quent\u00e9es. La travers\u00e9e de la for\u00eat landaise entre le bourg et l&rsquo;oc\u00e9an offre aussi une bonne partie d&rsquo;ombre, appr\u00e9ciable d\u00e8s que les temp\u00e9ratures grimpent.<\/p>\t\t\t\t\t\t\t\t<\/div>\n\t\t\t\t<\/div>\n\t\t\t\t<div class=\"elementor-element elementor-element-afb6f73 elementor-widget-divider--view-line elementor-widget elementor-widget-divider\" data-id=\"afb6f73\" data-element_type=\"widget\" data-e-type=\"widget\" data-widget_type=\"divider.default\">\n\t\t\t\t<div class=\"elementor-widget-container\">\n\t\t\t\t\t\t\t<div class=\"elementor-divider\">\n\t\t\t<span class=\"elementor-divider-separator\">\n\t\t\t\t\t\t<\/span>\n\t\t<\/div>\n\t\t\t\t\t\t<\/div>\n\t\t\t\t<\/div>\n\t\t\t\t\t<\/div>\n\t\t\t\t<\/div>\n\t\t<div class=\"elementor-element elementor-element-9a62a6a e-flex e-con-boxed e-con e-parent\" data-id=\"9a62a6a\" data-element_type=\"container\" data-e-type=\"container\">\n\t\t\t\t\t<div class=\"e-con-inner\">\n\t\t\t\t<div class=\"elementor-element elementor-element-eec3ab9 elementor-widget elementor-widget-heading\" data-id=\"eec3ab9\" data-element_type=\"widget\" data-e-type=\"widget\" data-widget_type=\"heading.default\">\n\t\t\t\t<div class=\"elementor-widget-container\">\n\t\t\t\t\t<h2 class=\"elementor-heading-title elementor-size-default\">Quels itin\u00e9raires v\u00e9lo autour de Labenne ?<\/h2>\t\t\t\t<\/div>\n\t\t\t\t<\/div>\n\t\t\t\t<div class=\"elementor-element elementor-element-1e5bd7a elementor-widget elementor-widget-text-editor\" data-id=\"1e5bd7a\" data-element_type=\"widget\" data-e-type=\"widget\" data-widget_type=\"text-editor.default\">\n\t\t\t\t<div class=\"elementor-widget-container\">\n\t\t\t\t\t\t\t\t\t<p>Depuis Labenne-Oc\u00e9an, la piste cyclable littorale permet de rejoindre Capbreton vers le nord, avec un parcours qui alterne for\u00eat et vues sur l&rsquo;oc\u00e9an. Vers le sud, la direction d&rsquo;Ondres et Tarnos ouvre sur des paysages plus vari\u00e9s, entre littoral et arri\u00e8re-pays landais. Pour une sortie plus courte, une boucle entre le bourg de Labenne, la gare et l&rsquo;oc\u00e9an permet de d\u00e9couvrir l&rsquo;essentiel de la commune sans s&rsquo;engager sur un trajet long, une option adapt\u00e9e aux familles avec de jeunes enfants ou aux cyclistes occasionnels.<\/p>\t\t\t\t\t\t\t\t<\/div>\n\t\t\t\t<\/div>\n\t\t\t\t<div class=\"elementor-element elementor-element-63470c6 elementor-widget-divider--view-line elementor-widget elementor-widget-divider\" data-id=\"63470c6\" data-element_type=\"widget\" data-e-type=\"widget\" data-widget_type=\"divider.default\">\n\t\t\t\t<div class=\"elementor-widget-container\">\n\t\t\t\t\t\t\t<div class=\"elementor-divider\">\n\t\t\t<span class=\"elementor-divider-separator\">\n\t\t\t\t\t\t<\/span>\n\t\t<\/div>\n\t\t\t\t\t\t<\/div>\n\t\t\t\t<\/div>\n\t\t\t\t\t<\/div>\n\t\t\t\t<\/div>\n\t\t<div class=\"elementor-element elementor-element-c093463 e-flex e-con-boxed e-con e-parent\" data-id=\"c093463\" data-element_type=\"container\" data-e-type=\"container\">\n\t\t\t\t\t<div class=\"e-con-inner\">\n\t\t\t\t<div class=\"elementor-element elementor-element-6891a3d elementor-widget elementor-widget-heading\" data-id=\"6891a3d\" data-element_type=\"widget\" data-e-type=\"widget\" data-widget_type=\"heading.default\">\n\t\t\t\t<div class=\"elementor-widget-container\">\n\t\t\t\t\t<h2 class=\"elementor-heading-title elementor-size-default\">Peut-on faire Labenne \u00e0 v\u00e9lo en famille ?\n<\/h2>\t\t\t\t<\/div>\n\t\t\t\t<\/div>\n\t\t\t\t<div class=\"elementor-element elementor-element-bfca6ce elementor-widget elementor-widget-text-editor\" data-id=\"bfca6ce\" data-element_type=\"widget\" data-e-type=\"widget\" data-widget_type=\"text-editor.default\">\n\t\t\t\t<div class=\"elementor-widget-container\">\n\t\t\t\t\t\t\t\t\t<p>Oui. Les pistes cyclables qui relient Labenne-Oc\u00e9an au bourg et aux communes voisines sont globalement plates et adapt\u00e9es \u00e0 un usage familial. Le calme relatif de la station en fait une bonne option pour des sorties \u00e0 v\u00e9lo avec de jeunes enfants, sans la densit\u00e9 de circulation d&rsquo;autres stations du littoral landais en haute saison.<\/p>\t\t\t\t\t\t\t\t<\/div>\n\t\t\t\t<\/div>\n\t\t\t\t<div class=\"elementor-element elementor-element-ebe583d elementor-widget-divider--view-line elementor-widget elementor-widget-divider\" data-id=\"ebe583d\" data-element_type=\"widget\" data-e-type=\"widget\" data-widget_type=\"divider.default\">\n\t\t\t\t<div class=\"elementor-widget-container\">\n\t\t\t\t\t\t\t<div class=\"elementor-divider\">\n\t\t\t<span class=\"elementor-divider-separator\">\n\t\t\t\t\t\t<\/span>\n\t\t<\/div>\n\t\t\t\t\t\t<\/div>\n\t\t\t\t<\/div>\n\t\t\t\t\t<\/div>\n\t\t\t\t<\/div>\n\t\t<div class=\"elementor-element elementor-element-4646952 e-flex e-con-boxed e-con e-parent\" data-id=\"4646952\" data-element_type=\"container\" data-e-type=\"container\">\n\t\t\t\t\t<div class=\"e-con-inner\">\n\t\t\t\t<div class=\"elementor-element elementor-element-0f1a378 elementor-widget elementor-widget-heading\" data-id=\"0f1a378\" data-element_type=\"widget\" data-e-type=\"widget\" data-widget_type=\"heading.default\">\n\t\t\t\t<div class=\"elementor-widget-container\">\n\t\t\t\t\t<h2 class=\"elementor-heading-title elementor-size-default\">Faut-il r\u00e9server son v\u00e9lo \u00e0 l'avance ?\n<\/h2>\t\t\t\t<\/div>\n\t\t\t\t<\/div>\n\t\t\t\t<div class=\"elementor-element elementor-element-11bfee9 elementor-widget elementor-widget-text-editor\" data-id=\"11bfee9\" data-element_type=\"widget\" data-e-type=\"widget\" data-widget_type=\"text-editor.default\">\n\t\t\t\t<div class=\"elementor-widget-container\">\n\t\t\t\t\t\t\t\t\tCela d\u00e9pend surtout de la p\u00e9riode : en juillet-ao\u00fbt, r\u00e9server \u00e0 l&rsquo;avance s\u00e9curise la disponibilit\u00e9, en particulier pour les v\u00e9los \u00e9lectriques. En dehors de la haute saison, la r\u00e9servation peut se faire plus pr\u00e8s de la date de s\u00e9jour.\n\n\t\t\t\t\t\t\t\t<\/div>\n\t\t\t\t<\/div>\n\t\t\t\t<div class=\"elementor-element elementor-element-48c1776 elementor-widget-divider--view-line elementor-widget elementor-widget-divider\" data-id=\"48c1776\" data-element_type=\"widget\" data-e-type=\"widget\" data-widget_type=\"divider.default\">\n\t\t\t\t<div class=\"elementor-widget-container\">\n\t\t\t\t\t\t\t<div class=\"elementor-divider\">\n\t\t\t<span class=\"elementor-divider-separator\">\n\t\t\t\t\t\t<\/span>\n\t\t<\/div>\n\t\t\t\t\t\t<\/div>\n\t\t\t\t<\/div>\n\t\t\t\t\t<\/div>\n\t\t\t\t<\/div>\n\t\t<div class=\"elementor-element elementor-element-b9f19a9 e-flex e-con-boxed e-con e-parent\" data-id=\"b9f19a9\" data-element_type=\"container\" data-e-type=\"container\">\n\t\t\t\t\t<div class=\"e-con-inner\">\n\t\t\t\t<div class=\"elementor-element elementor-element-fea86e8 elementor-widget elementor-widget-heading\" data-id=\"fea86e8\" data-element_type=\"widget\" data-e-type=\"widget\" data-widget_type=\"heading.default\">\n\t\t\t\t<div class=\"elementor-widget-container\">\n\t\t\t\t\t<h2 class=\"elementor-heading-title elementor-size-default\">Foire aux questions <\/h2>\t\t\t\t<\/div>\n\t\t\t\t<\/div>\n\t\t\t\t\t<\/div>\n\t\t\t\t<\/div>\n\t\t<div class=\"elementor-element elementor-element-b579f29 e-flex e-con-boxed e-con e-parent\" data-id=\"b579f29\" data-element_type=\"container\" data-e-type=\"container\">\n\t\t\t\t\t<div class=\"e-con-inner\">\n\t\t\t\t<div class=\"elementor-element elementor-element-1d6efe6 elementor-widget elementor-widget-n-accordion\" data-id=\"1d6efe6\" data-element_type=\"widget\" data-e-type=\"widget\" data-settings=\"{&quot;default_state&quot;:&quot;expanded&quot;,&quot;max_items_expended&quot;:&quot;one&quot;,&quot;n_accordion_animation_duration&quot;:{&quot;unit&quot;:&quot;ms&quot;,&quot;size&quot;:400,&quot;sizes&quot;:[]}}\" data-widget_type=\"nested-accordion.default\">\n\t\t\t\t<div class=\"elementor-widget-container\">\n\t\t\t\t\t\t\t<div class=\"e-n-accordion\" aria-label=\"Accordion. Open links with Enter or Space, close with Escape, and navigate with Arrow Keys\">\n\t\t\t\t\t\t<details id=\"e-n-accordion-item-3080\" class=\"e-n-accordion-item\" open>\n\t\t\t\t<summary class=\"e-n-accordion-item-title\" data-accordion-index=\"1\" tabindex=\"0\" aria-expanded=\"true\" aria-controls=\"e-n-accordion-item-3080\" >\n\t\t\t\t\t<span class='e-n-accordion-item-title-header'><div class=\"e-n-accordion-item-title-text\"> Labenne est-elle adapt\u00e9e \u00e0 une sortie \u00e0 v\u00e9lo en famille ?  <\/div><\/span>\n\t\t\t\t\t\t\t<span class='e-n-accordion-item-title-icon'>\n\t\t\t<span class='e-opened' ><i aria-hidden=\"true\" class=\"fas fa-caret-down\"><\/i><\/span>\n\t\t\t<span class='e-closed'><i aria-hidden=\"true\" class=\"fas fa-caret-right\"><\/i><\/span>\n\t\t<\/span>\n\n\t\t\t\t\t\t<\/summary>\n\t\t\t\t<div role=\"region\" aria-labelledby=\"e-n-accordion-item-3080\" class=\"elementor-element elementor-element-deb8d30 e-con-full e-flex e-con e-child\" data-id=\"deb8d30\" data-element_type=\"container\" data-e-type=\"container\">\n\t\t\t\t<div class=\"elementor-element elementor-element-91a3571 elementor-widget elementor-widget-text-editor\" data-id=\"91a3571\" data-element_type=\"widget\" data-e-type=\"widget\" data-widget_type=\"text-editor.default\">\n\t\t\t\t<div class=\"elementor-widget-container\">\n\t\t\t\t\t\t\t\t\tOui, ses pistes cyclables sont globalement plates et moins fr\u00e9quent\u00e9es que celles des stations voisines en haute saison, ce qui en fait une bonne option pour rouler avec des enfants.\t\t\t\t\t\t\t\t<\/div>\n\t\t\t\t<\/div>\n\t\t\t\t<\/div>\n\t\t\t\t\t<\/details>\n\t\t\t\t\t\t<details id=\"e-n-accordion-item-3081\" class=\"e-n-accordion-item\" >\n\t\t\t\t<summary class=\"e-n-accordion-item-title\" data-accordion-index=\"2\" tabindex=\"-1\" aria-expanded=\"false\" aria-controls=\"e-n-accordion-item-3081\" >\n\t\t\t\t\t<span class='e-n-accordion-item-title-header'><div class=\"e-n-accordion-item-title-text\"> Peut-on relier Labenne \u00e0 Capbreton \u00e0 v\u00e9lo ?  <\/div><\/span>\n\t\t\t\t\t\t\t<span class='e-n-accordion-item-title-icon'>\n\t\t\t<span class='e-opened' ><i aria-hidden=\"true\" class=\"fas fa-caret-down\"><\/i><\/span>\n\t\t\t<span class='e-closed'><i aria-hidden=\"true\" class=\"fas fa-caret-right\"><\/i><\/span>\n\t\t<\/span>\n\n\t\t\t\t\t\t<\/summary>\n\t\t\t\t<div role=\"region\" aria-labelledby=\"e-n-accordion-item-3081\" class=\"elementor-element elementor-element-32dd481 e-con-full e-flex e-con e-child\" data-id=\"32dd481\" data-element_type=\"container\" data-e-type=\"container\">\n\t\t\t\t<div class=\"elementor-element elementor-element-3039316 elementor-widget elementor-widget-text-editor\" data-id=\"3039316\" data-element_type=\"widget\" data-e-type=\"widget\" data-widget_type=\"text-editor.default\">\n\t\t\t\t<div class=\"elementor-widget-container\">\n\t\t\t\t\t\t\t\t\tOui, les pistes cyclables de la c\u00f4te landaise permettent de relier Labenne aux communes voisines comme Capbreton ou Ondres, avec plus de confort en v\u00e9lo \u00e9lectrique sur les trajets plus longs.\t\t\t\t\t\t\t\t<\/div>\n\t\t\t\t<\/div>\n\t\t\t\t<\/div>\n\t\t\t\t\t<\/details>\n\t\t\t\t\t\t<details id=\"e-n-accordion-item-3082\" class=\"e-n-accordion-item\" >\n\t\t\t\t<summary class=\"e-n-accordion-item-title\" data-accordion-index=\"3\" tabindex=\"-1\" aria-expanded=\"false\" aria-controls=\"e-n-accordion-item-3082\" >\n\t\t\t\t\t<span class='e-n-accordion-item-title-header'><div class=\"e-n-accordion-item-title-text\"> Joe Bike propose-t-il la livraison de v\u00e9los \u00e0 Labenne-Oc\u00e9an ? <\/div><\/span>\n\t\t\t\t\t\t\t<span class='e-n-accordion-item-title-icon'>\n\t\t\t<span class='e-opened' ><i aria-hidden=\"true\" class=\"fas fa-caret-down\"><\/i><\/span>\n\t\t\t<span class='e-closed'><i aria-hidden=\"true\" class=\"fas fa-caret-right\"><\/i><\/span>\n\t\t<\/span>\n\n\t\t\t\t\t\t<\/summary>\n\t\t\t\t<div role=\"region\" aria-labelledby=\"e-n-accordion-item-3082\" class=\"elementor-element elementor-element-f2fe919 e-con-full e-flex e-con e-child\" data-id=\"f2fe919\" data-element_type=\"container\" data-e-type=\"container\">\n\t\t\t\t<div class=\"elementor-element elementor-element-1210a95 elementor-widget elementor-widget-text-editor\" data-id=\"1210a95\" data-element_type=\"widget\" data-e-type=\"widget\" data-widget_type=\"text-editor.default\">\n\t\t\t\t<div class=\"elementor-widget-container\">\n\t\t\t\t\t\t\t\t\tOui, la livraison sur le lieu de s\u00e9jour fait partie des services propos\u00e9s par Joe Bike sur une partie de la c\u00f4te landaise, Labenne inclus.\t\t\t\t\t\t\t\t<\/div>\n\t\t\t\t<\/div>\n\t\t\t\t<\/div>\n\t\t\t\t\t<\/details>\n\t\t\t\t\t<\/div>\n\t\t\t\t\t\t<\/div>\n\t\t\t\t<\/div>\n\t\t\t\t<div class=\"elementor-element elementor-element-0899928 elementor-widget elementor-widget-button\" data-id=\"0899928\" data-element_type=\"widget\" data-e-type=\"widget\" data-widget_type=\"button.default\">\n\t\t\t\t<div class=\"elementor-widget-container\">\n\t\t\t\t\t\t\t\t\t<div class=\"elementor-button-wrapper\">\n\t\t\t\t\t<a class=\"elementor-button elementor-button-link elementor-size-sm\" href=\"https:\/\/joebike.fr\/en\/destinations\/counties\/labenne\/\">\n\t\t\t\t\t\t<span class=\"elementor-button-content-wrapper\">\n\t\t\t\t\t\t\t\t\t<span class=\"elementor-button-text\">R\u00e9servez votre v\u00e9lo \u00e0 Labenne<\/span>\n\t\t\t\t\t<\/span>\n\t\t\t\t\t<\/a>\n\t\t\t\t<\/div>\n\t\t\t\t\t\t\t\t<\/div>\n\t\t\t\t<\/div>\n\t\t\t\t\t<\/div>\n\t\t\t\t<\/div>\n\t\t\t\t<\/div>","protected":false},"excerpt":{"rendered":"<p>Pour louer un v\u00e9lo \u00e0 Labenne, Joe Bike propose des v\u00e9los classiques, VTC et \u00e9lectriques, avec livraison possible sur Labenne-Oc\u00e9an et les communes voisines. Situ\u00e9e entre Capbreton et Ondres, Labenne b\u00e9n\u00e9ficie d&rsquo;un acc\u00e8s direct aux pistes cyclables de la c\u00f4te landaise, id\u00e9al pour rejoindre la plage ou les stations voisines sans voiture. Moins connue que [&hellip;]<\/p>\n","protected":false},"author":33,"featured_media":12424,"comment_status":"open","ping_status":"open","sticky":false,"template":"","format":"standard","meta":{"_acf_changed":false,"footnotes":""},"categories":[1],"tags":[],"class_list":["post-21023","post","type-post","status-publish","format-standard","has-post-thumbnail","hentry","category-non-classe"],"acf":[],"_links":{"self":[{"href":"https:\/\/joebike.fr\/en\/wp-json\/wp\/v2\/posts\/21023","targetHints":{"allow":["GET"]}}],"collection":[{"href":"https:\/\/joebike.fr\/en\/wp-json\/wp\/v2\/posts"}],"about":[{"href":"https:\/\/joebike.fr\/en\/wp-json\/wp\/v2\/types\/post"}],"author":[{"embeddable":true,"href":"https:\/\/joebike.fr\/en\/wp-json\/wp\/v2\/users\/33"}],"replies":[{"embeddable":true,"href":"https:\/\/joebike.fr\/en\/wp-json\/wp\/v2\/comments?post=21023"}],"version-history":[{"count":5,"href":"https:\/\/joebike.fr\/en\/wp-json\/wp\/v2\/posts\/21023\/revisions"}],"predecessor-version":[{"id":21031,"href":"https:\/\/joebike.fr\/en\/wp-json\/wp\/v2\/posts\/21023\/revisions\/21031"}],"wp:featuredmedia":[{"embeddable":true,"href":"https:\/\/joebike.fr\/en\/wp-json\/wp\/v2\/media\/12424"}],"wp:attachment":[{"href":"https:\/\/joebike.fr\/en\/wp-json\/wp\/v2\/media?parent=21023"}],"wp:term":[{"taxonomy":"category","embeddable":true,"href":"https:\/\/joebike.fr\/en\/wp-json\/wp\/v2\/categories?post=21023"},{"taxonomy":"post_tag","embeddable":true,"href":"https:\/\/joebike.fr\/en\/wp-json\/wp\/v2\/tags?post=21023"}],"curies":[{"name":"wp","href":"https:\/\/api.w.org\/{rel}","templated":true}]}}